{"id":77,"count":7,"description":"Sabemos que los mercados de aqu\u00ed son nuestro referente. Porque encontramos aquello que queremos, aquello que necesitemos; frutas, verduras, y hortalizas de la mejor calidad, las m\u00e1s frescas, las m\u00e1s pr\u00f3ximas, las m\u00e1s nuestras.","link":"https:\/\/assumptafontseca.cat\/es\/platos-cocinados\/del-huerto\/","name":"Del huerto","slug":"del-huerto","taxonomy":"product_cat","parent":0,"meta":[],"yoast_head":"<!-- This site is optimized with the Yoast SEO plugin v27.2 - https:\/\/yoast.com\/product\/yoast-seo-wordpress\/ -->\n<title>Del huerto archivos - Assumpta Fontseca<\/title>\n<meta name=\"robots\" content=\"index, follow, max-snippet:-1, max-image-preview:large, max-video-preview:-1\" \/>\n<link rel=\"canonical\" href=\"https:\/\/assumptafontseca.cat\/es\/platos-cocinados\/del-huerto\/\" \/>\n<meta property=\"og:locale\" content=\"es_ES\" \/>\n<meta property=\"og:type\" content=\"article\" \/>\n<meta property=\"og:title\" content=\"Del huerto archivos - Assumpta Fontseca\" \/>\n<meta property=\"og:description\" content=\"Sabemos que los mercados de aqu\u00ed son nuestro referente. Porque encontramos aquello que queremos, aquello que necesitemos; frutas, verduras, y hortalizas de la mejor calidad, las m\u00e1s frescas, las m\u00e1s pr\u00f3ximas, las m\u00e1s nuestras.\" \/>\n<meta property=\"og:url\" content=\"https:\/\/assumptafontseca.cat\/es\/platos-cocinados\/del-huerto\/\" \/>\n<meta property=\"og:site_name\" content=\"Assumpta Fontseca\" \/>\n<meta name=\"twitter:card\" content=\"summary_large_image\" \/>\n<script type=\"application\/ld+json\" class=\"yoast-schema-graph\">{\"@context\":\"https:\/\/schema.org\",\"@graph\":[{\"@type\":\"CollectionPage\",\"@id\":\"https:\/\/assumptafontseca.cat\/es\/platos-cocinados\/del-huerto\/\",\"url\":\"https:\/\/assumptafontseca.cat\/es\/platos-cocinados\/del-huerto\/\",\"name\":\"Del huerto archivos - Assumpta Fontseca\",\"isPartOf\":{\"@id\":\"https:\/\/assumptafontseca.cat\/#website\"},\"breadcrumb\":{\"@id\":\"https:\/\/assumptafontseca.cat\/es\/platos-cocinados\/del-huerto\/#breadcrumb\"},\"inLanguage\":\"es\"},{\"@type\":\"BreadcrumbList\",\"@id\":\"https:\/\/assumptafontseca.cat\/es\/platos-cocinados\/del-huerto\/#breadcrumb\",\"itemListElement\":[{\"@type\":\"ListItem\",\"position\":1,\"name\":\"Portada\",\"item\":\"https:\/\/assumptafontseca.cat\/\"},{\"@type\":\"ListItem\",\"position\":2,\"name\":\"Productos\",\"item\":\"https:\/\/assumptafontseca.cat\/tienda\/\"},{\"@type\":\"ListItem\",\"position\":3,\"name\":\"Del huerto\"}]},{\"@type\":\"WebSite\",\"@id\":\"https:\/\/assumptafontseca.cat\/#website\",\"url\":\"https:\/\/assumptafontseca.cat\/\",\"name\":\"Assumpta Fontseca\",\"description\":\"La passi\u00f3 que compartim per la \u201cfeina ben feta\u201d, \u00e9s la millor garantia que cadascun dels nostres plats ser\u00e0 \u00fanic i especial.\",\"potentialAction\":[{\"@type\":\"SearchAction\",\"target\":{\"@type\":\"EntryPoint\",\"urlTemplate\":\"https:\/\/assumptafontseca.cat\/?s={search_term_string}\"},\"query-input\":{\"@type\":\"PropertyValueSpecification\",\"valueRequired\":true,\"valueName\":\"search_term_string\"}}],\"inLanguage\":\"es\"}]}<\/script>\n<!-- \/ Yoast SEO plugin. -->","yoast_head_json":{"title":"Del huerto archivos - Assumpta Fontseca","robots":{"index":"index","follow":"follow","max-snippet":"max-snippet:-1","max-image-preview":"max-image-preview:large","max-video-preview":"max-video-preview:-1"},"canonical":"https:\/\/assumptafontseca.cat\/es\/platos-cocinados\/del-huerto\/","og_locale":"es_ES","og_type":"article","og_title":"Del huerto archivos - Assumpta Fontseca","og_description":"Sabemos que los mercados de aqu\u00ed son nuestro referente. Porque encontramos aquello que queremos, aquello que necesitemos; frutas, verduras, y hortalizas de la mejor calidad, las m\u00e1s frescas, las m\u00e1s pr\u00f3ximas, las m\u00e1s nuestras.","og_url":"https:\/\/assumptafontseca.cat\/es\/platos-cocinados\/del-huerto\/","og_site_name":"Assumpta Fontseca","twitter_card":"summary_large_image","schema":{"@context":"https:\/\/schema.org","@graph":[{"@type":"CollectionPage","@id":"https:\/\/assumptafontseca.cat\/es\/platos-cocinados\/del-huerto\/","url":"https:\/\/assumptafontseca.cat\/es\/platos-cocinados\/del-huerto\/","name":"Del huerto archivos - Assumpta Fontseca","isPartOf":{"@id":"https:\/\/assumptafontseca.cat\/#website"},"breadcrumb":{"@id":"https:\/\/assumptafontseca.cat\/es\/platos-cocinados\/del-huerto\/#breadcrumb"},"inLanguage":"es"},{"@type":"BreadcrumbList","@id":"https:\/\/assumptafontseca.cat\/es\/platos-cocinados\/del-huerto\/#breadcrumb","itemListElement":[{"@type":"ListItem","position":1,"name":"Portada","item":"https:\/\/assumptafontseca.cat\/"},{"@type":"ListItem","position":2,"name":"Productos","item":"https:\/\/assumptafontseca.cat\/tienda\/"},{"@type":"ListItem","position":3,"name":"Del huerto"}]},{"@type":"WebSite","@id":"https:\/\/assumptafontseca.cat\/#website","url":"https:\/\/assumptafontseca.cat\/","name":"Assumpta Fontseca","description":"La passi\u00f3 que compartim per la \u201cfeina ben feta\u201d, \u00e9s la millor garantia que cadascun dels nostres plats ser\u00e0 \u00fanic i especial.","potentialAction":[{"@type":"SearchAction","target":{"@type":"EntryPoint","urlTemplate":"https:\/\/assumptafontseca.cat\/?s={search_term_string}"},"query-input":{"@type":"PropertyValueSpecification","valueRequired":true,"valueName":"search_term_string"}}],"inLanguage":"es"}]}},"_links":{"self":[{"href":"https:\/\/assumptafontseca.cat\/es\/wp-json\/wp\/v2\/product_cat\/77","targetHints":{"allow":["GET"]}}],"collection":[{"href":"https:\/\/assumptafontseca.cat\/es\/wp-json\/wp\/v2\/product_cat"}],"about":[{"href":"https:\/\/assumptafontseca.cat\/es\/wp-json\/wp\/v2\/taxonomies\/product_cat"}],"wp:post_type":[{"href":"https:\/\/assumptafontseca.cat\/es\/wp-json\/wp\/v2\/product?product_cat=77"}],"curies":[{"name":"wp","href":"https:\/\/api.w.org\/{rel}","templated":true}]}}